{"id":27788,"date":"2024-07-05T14:07:31","date_gmt":"2024-07-05T12:07:31","guid":{"rendered":"https:\/\/www.ippr.it\/?p=27788"},"modified":"2024-07-05T15:22:20","modified_gmt":"2024-07-05T13:22:20","slug":"assemblea-dei-soci-2024-loccasione-per-tirare-le-somme-sui-primi-20-anni-di-ippr","status":"publish","type":"post","link":"https:\/\/www.ippr.it\/en\/news-ippr\/assemblea-dei-soci-2024-loccasione-per-tirare-le-somme-sui-primi-20-anni-di-ippr\/","title":{"rendered":"Assemblea dei Soci 2024 \u2013 L\u2019occasione per tirare le somme sui primi 20 anni di IPPR"},"content":{"rendered":"<p>Si \u00e8 tenuta nella giornata di ieri, presso il Centro Congressi Fondazione Stelline, l\u2019Assemblea dei Soci di IPPR \u2013 Istituto per la Promozione delle Plastiche da Riciclo \u2013 dedicata al ventennale dell\u2019Istituto.<\/p>\n<p>\u00c8 stata l\u2019occasione giusta per fare il punto su quella che vent\u2019anni fa sembrava una scommessa, la certificazione Plastica Seconda Vita, ma che oggi rappresenta lo schema di certificazione sul contenuto di riciclato pi\u00f9 diffuso in Europa con i suoi quasi 10.000 prodotti e manufatti certificati e pi\u00f9 di 300 aziende licenziatarie di cui <strong>251 trasformatori e 60 riciclatori <\/strong>(dati al 1\u00b0 semestre 2024).<\/p>\n<p>\u201c<em>La certificazione \u00e8 diventata soprattutto negli ultimi anni un <strong>fiore all\u2019occhiello della filiera italiana<\/strong> delle materie plastiche e della relativa sostenibilit\u00e0 tanto che Plastica Seconda Vita \u00e8 una locuzione entrata nel linguaggio comune<strong>: si dice Plastica Seconda Vita per definire ed identificare la plastica riciclata<\/strong>. Cosa che per noi \u00e8 motivo di orgoglio<\/em>\u201d, dichiara cos\u00ec Libero Cantarella, Presidente di IPPR, nel discorso che apre l\u2019assemblea dedicata ai soci.<\/p>\n<p>Raggiungere questo obiettivo non \u00e8 stato facile racconta il Presidente: \u201c<em>\u00c8 stato un <strong>lungo percorso talvolta anche ad ostacoli<\/strong> passando da un momento in cui c\u2019era una forma di ritrosia o quasi vergogna nel dichiarare l\u2019utilizzo di plastica riciclata ad un momento, quale quello attuale, in cui \u00e8 diventata addirittura una necessit\u00e0, <strong>perch\u00e9 l\u2019economia circolare &#8211; di cui IPPR \u00e8 antesignana \u2013 \u00e8, oggi, un pilastro della nuova economia<\/strong> dal quale non si pu\u00f2 pi\u00f9 prescindere<\/em>.\u201d<\/p>\n<p>I traguardi raggiunti sono l\u2019esito di un <strong>lavoro costante sulla valorizzazione delle plastiche provenienti dal ciclo dei rifiuti ma anche di una importante attivit\u00e0 di normazione tecnica <\/strong>(per esempio le norme UNI 10667 che sono diventate base giuridica dell\u2019End of waste delle plastiche in Italia). Un lavoro che ha contribuito al livello di eccellenza maturata dall\u2019industria del riciclo del nostro Paese e all\u2019utilizzo di materie prime seconde.<\/p>\n<p>Risultati e traguardi positivi non bastano: <strong>bisogna fare di pi\u00f9, sempre di pi\u00f9<\/strong>. \u201c<em>La plastica, nonostante la crescente percezione negativa che purtroppo fa proseliti tra chi non ha competenze e tra chi ne ricava vantaggio, continua a rappresentare per il mondo moderno un materiale irrinunciabile. Oggi pi\u00f9 che mai non possiamo esimerci dall\u2019immettere sul mercato prodotti che non abbiano fatto un corretto percorso di eco-progettazione che deve, come condicio sine qua non della sua esistenza, provvedere a valutare anche il suo fine vita che si esprima in un recupero effettivo, il <strong>riciclo<\/strong>.<\/em>\u201d Conclude Cantarella.<\/p>\n<p>Durante l\u2019assemblea Maria Cristina Poggesi, Direttore di IPPR, ha anticipato i <strong>nuovi strumenti in fase di sviluppo<\/strong> per lo schema di certificazione Plastica Seconda Vita e ribadito <strong>l\u2019importanza dell\u2019accreditamento della certificazione<\/strong>, <strong>secondo quanto previsto dalla Direttiva &lt;&lt;Greenwashing&gt;&gt;<\/strong> che vieta l\u2019esibizione di un marchio di sostenibilit\u00e0 che non sia basato su un sistema di certificazione accreditato.<\/p>\n<p>A conclusione dell\u2019assemblea l\u2019intervento di Paolo Arcelli, Plastic Consult, per presentare i primi dati dell\u2019<strong>Analisi Quantitativa \u201cMaterie Plastiche da Riciclo impiegate in Italia &#8211; Dati 2023\u201d <\/strong>che a breve sar\u00e0 disponibile sul sito di IPPR.<\/p>\n<p>&nbsp;<\/p>\n<p>&nbsp;<\/p>\n<p><img loading=\"lazy\" decoding=\"async\" class=\"wp-image-27793 aligncenter\" src=\"https:\/\/www.ippr.it\/wp-content\/uploads\/2024\/07\/IMG_5873-scaled.jpeg\" alt=\"\" width=\"627\" height=\"470\" srcset=\"https:\/\/www.ippr.it\/wp-content\/uploads\/2024\/07\/IMG_5873-scaled.jpeg 2560w, https:\/\/www.ippr.it\/wp-content\/uploads\/2024\/07\/IMG_5873-300x225.jpeg 300w, https:\/\/www.ippr.it\/wp-content\/uploads\/2024\/07\/IMG_5873-1024x768.jpeg 1024w, https:\/\/www.ippr.it\/wp-content\/uploads\/2024\/07\/IMG_5873-768x576.jpeg 768w, https:\/\/www.ippr.it\/wp-content\/uploads\/2024\/07\/IMG_5873-1536x1152.jpeg 1536w, https:\/\/www.ippr.it\/wp-content\/uploads\/2024\/07\/IMG_5873-2048x1536.jpeg 2048w, https:\/\/www.ippr.it\/wp-content\/uploads\/2024\/07\/IMG_5873-150x113.jpeg 150w\" sizes=\"auto, (max-width: 627px) 100vw, 627px\" \/><\/p>\n<p>&nbsp;<\/p>\n<p>&nbsp;<\/p>\n<p>&nbsp;<\/p>\n","protected":false},"excerpt":{"rendered":"<p>L&#8217;Assemblea dei Soci 2024 \u00e8 stata l\u2019occasione giusta per fare il punto su quella che vent\u2019anni fa sembrava una scommessa, la certificazione Plastica Seconda Vita.<\/p>\n","protected":false},"author":2,"featured_media":27793,"comment_status":"closed","ping_status":"closed","sticky":false,"template":"","format":"standard","meta":{"_acf_changed":false,"footnotes":""},"categories":[8],"tags":[688,689,691,684,692,690],"class_list":["post-27788","post","type-post","status-publish","format-standard","has-post-thumbnail","hentry","category-news-ippr","tag-assemblea-dei-soci-2024","tag-ippr-2024","tag-obiettivi","tag-plastica-seconda-vita","tag-risultati","tag-traguardi"],"acf":[],"_links":{"self":[{"href":"https:\/\/www.ippr.it\/en\/wp-json\/wp\/v2\/posts\/27788","targetHints":{"allow":["GET"]}}],"collection":[{"href":"https:\/\/www.ippr.it\/en\/wp-json\/wp\/v2\/posts"}],"about":[{"href":"https:\/\/www.ippr.it\/en\/wp-json\/wp\/v2\/types\/post"}],"author":[{"embeddable":true,"href":"https:\/\/www.ippr.it\/en\/wp-json\/wp\/v2\/users\/2"}],"replies":[{"embeddable":true,"href":"https:\/\/www.ippr.it\/en\/wp-json\/wp\/v2\/comments?post=27788"}],"version-history":[{"count":4,"href":"https:\/\/www.ippr.it\/en\/wp-json\/wp\/v2\/posts\/27788\/revisions"}],"predecessor-version":[{"id":27802,"href":"https:\/\/www.ippr.it\/en\/wp-json\/wp\/v2\/posts\/27788\/revisions\/27802"}],"wp:featuredmedia":[{"embeddable":true,"href":"https:\/\/www.ippr.it\/en\/wp-json\/wp\/v2\/media\/27793"}],"wp:attachment":[{"href":"https:\/\/www.ippr.it\/en\/wp-json\/wp\/v2\/media?parent=27788"}],"wp:term":[{"taxonomy":"category","embeddable":true,"href":"https:\/\/www.ippr.it\/en\/wp-json\/wp\/v2\/categories?post=27788"},{"taxonomy":"post_tag","embeddable":true,"href":"https:\/\/www.ippr.it\/en\/wp-json\/wp\/v2\/tags?post=27788"}],"curies":[{"name":"wp","href":"https:\/\/api.w.org\/{rel}","templated":true}]}}