{"id":6976,"date":"2016-06-07T12:23:57","date_gmt":"2016-06-07T10:23:57","guid":{"rendered":"https:\/\/www.ippr.it\/eventi\/evento-plastica-seconda-vita-i-relatori-dellevento-la-certificazione-plastica-seconda-vita-il-caso-ecoplen\/"},"modified":"2016-06-07T12:23:57","modified_gmt":"2016-06-07T10:23:57","slug":"evento-plastica-seconda-vita-i-relatori-dellevento-la-certificazione-plastica-seconda-vita-il-caso-ecoplen","status":"publish","type":"post","link":"https:\/\/www.ippr.it\/en\/eventi\/evento-plastica-seconda-vita-i-relatori-dellevento-la-certificazione-plastica-seconda-vita-il-caso-ecoplen\/","title":{"rendered":"Evento Plastica Seconda Vita  I relatori dell&#8217;evento \u201cLa certificazione Plastica Seconda Vita\u201d: il caso Ecoplen"},"content":{"rendered":"<p>Tra i relatori dell&#8217;evento &#8220;<strong>La certificazione Plastica Seconda Vita: opportunit\u00e0 e potenzialit\u00e0 alla luce del collegato ambientale<\/strong>&#8221; ci sar\u00e0 anche <strong>Vincenzo Moramarco<\/strong>, amministratore unico di <strong>Ecoplen Srl<\/strong>. Nella sala conferenze dello Starhotels Ritz il 10 giugno racconter\u00e0 come un&#8217;azienda nata nel profondo sud sia riuscita a creare un prodotto fatto con non meno del 70% di polietilene rigenerato certificato <strong>Plastica Seconda Vita<\/strong> e riconosciuto dal Ministero dei Trasporti e delle Infrastrutture con l&#8217;<strong>omologa ADR<\/strong>.<\/p>\n<p>Con un intervento dal titolo &#8220;<strong>Case history: la sostenibilit\u00e0 per Ecoplen tra tradizione e innovazione<\/strong>&#8220;, Vincenzo Moramarco racconter\u00e0 la sua avventura. Ecco qualche anticipazione.<\/p>\n<p>Cosa fa Ecoplen?<\/p>\n<p>ECOPLEN srl Innovazioni Sostenibili \u00e8 la prima azienda al mondo ad utilizzare non meno del 70% di polietilene rigenerato da rifiuto post-consumo per la fabbricazione di taniche in plastica da 5, 10, 20 e 25 litri.<\/p>\n<p>Come valutate il progetto Plastica Seconda Vita?<\/p>\n<p>Lo conosciamo da anni e rappresenta per noi l&#8217;unico marchio serio accreditato che, verificando l&#8217;intera filiera della rigenerazione della plastica, pu\u00f2 certificare la corretta applicazione delle buone prassi sull&#8217;intero ciclo produttivo.<\/p>\n<p>Qual \u00e8 oggi la criticit\u00e0 pi\u00f9 forte nella sfida alla sostenibilit\u00e0?<\/p>\n<p>Vincere la battaglia culturale che vede svilire i prodotti in plastica riciclata. Bisogna smettere di considerarli prodotti di serie B, pensando che debbano costare meno.<\/p>\n<p>Cosa fate per affrontare questa criticit\u00e0?<\/p>\n<p>Associamo ai nostri prodotti molti contenuti tecnici, in modo da spiegare la ricerca e il lavoro dietro le nostre taniche e i nostri prodotti innovativi, come il telo per la pacciamatura agricola. Il nostro rigenerato plastico ha il 99,7% di polietilene. In questo modo il polimero \u00e8 alla sua massima potenzialit\u00e0. Abbiamo bisogno di dare al riutilizzo dei materiali un valore tecnico, prima che economico, in modo che il mercato individui nel nostro prodotto una precisa soluzione.<\/p>\n<p>\u00a0<\/p>\n<p>\u00a0<img loading=\"lazy\" decoding=\"async\" src=\"\/wp-content\/uploads\/ippr-images\/eventi\/ippr_ecolplen.jpg\" border=\"0\" alt=\"\" width=\"615\" height=\"368\" \/><\/p>\n","protected":false},"excerpt":{"rendered":"<p>Tra i relatori dell&#8217;evento &#8220;La certificazione Plastica Seconda Vita: opportunit\u00e0 e potenzialit\u00e0 alla luce del collegato ambientale&#8221; ci sar\u00e0 anche Vincenzo Moramarco, amministratore unico di Ecoplen Srl. Nella sala conferenze dello Starhotels Ritz il 10 giugno racconter\u00e0 come un&#8217;azienda nata nel profondo sud sia riuscita a creare un prodotto fatto con non meno del 70% [&hellip;]<\/p>\n","protected":false},"author":1,"featured_media":0,"comment_status":"","ping_status":"closed","sticky":false,"template":"","format":"standard","meta":{"_acf_changed":false,"footnotes":""},"categories":[10],"tags":[],"class_list":["post-6976","post","type-post","status-publish","format-standard","hentry","category-eventi"],"acf":[],"_links":{"self":[{"href":"https:\/\/www.ippr.it\/en\/wp-json\/wp\/v2\/posts\/6976","targetHints":{"allow":["GET"]}}],"collection":[{"href":"https:\/\/www.ippr.it\/en\/wp-json\/wp\/v2\/posts"}],"about":[{"href":"https:\/\/www.ippr.it\/en\/wp-json\/wp\/v2\/types\/post"}],"author":[{"embeddable":true,"href":"https:\/\/www.ippr.it\/en\/wp-json\/wp\/v2\/users\/1"}],"replies":[{"embeddable":true,"href":"https:\/\/www.ippr.it\/en\/wp-json\/wp\/v2\/comments?post=6976"}],"version-history":[{"count":0,"href":"https:\/\/www.ippr.it\/en\/wp-json\/wp\/v2\/posts\/6976\/revisions"}],"wp:attachment":[{"href":"https:\/\/www.ippr.it\/en\/wp-json\/wp\/v2\/media?parent=6976"}],"wp:term":[{"taxonomy":"category","embeddable":true,"href":"https:\/\/www.ippr.it\/en\/wp-json\/wp\/v2\/categories?post=6976"},{"taxonomy":"post_tag","embeddable":true,"href":"https:\/\/www.ippr.it\/en\/wp-json\/wp\/v2\/tags?post=6976"}],"curies":[{"name":"wp","href":"https:\/\/api.w.org\/{rel}","templated":true}]}}