{"id":6985,"date":"2011-01-21T00:00:00","date_gmt":"2011-01-20T23:00:00","guid":{"rendered":"https:\/\/www.ippr.it\/eventi\/eventi-comunicato-stampa-la-partecipazione-di-ippr-a-marca-2011-la-cultura-del-riciclo-approda-alla-gdo-galleria-fotografica\/"},"modified":"2011-01-21T00:00:00","modified_gmt":"2011-01-20T23:00:00","slug":"eventi-comunicato-stampa-la-partecipazione-di-ippr-a-marca-2011-la-cultura-del-riciclo-approda-alla-gdo-galleria-fotografica","status":"publish","type":"post","link":"https:\/\/www.ippr.it\/en\/eventi\/eventi-comunicato-stampa-la-partecipazione-di-ippr-a-marca-2011-la-cultura-del-riciclo-approda-alla-gdo-galleria-fotografica\/","title":{"rendered":"EVENTI &#8211; Comunicato Stampa &#8211; La partecipazione di IPPR a Marca 2011 la cultura del riciclo approda alla GDO &#8211; Galleria fotografica"},"content":{"rendered":"<p>\n\u00a0\n<\/p>\n<p style=\"text-align: justify\" class=\"MsoNormal\">\n<strong><span style=\"font-family: Verdana; font-size: 10pt\">Comunicato stampa: <\/span><\/strong>\n<\/p>\n<p style=\"text-align: center\" class=\"MsoNormal\" align=\"center\">\n<strong><span style=\"font-family: Verdana; color: blue; font-size: 20pt\">LET ME LIVE AGAIN!<\/span><\/strong>\n<\/p>\n<p style=\"text-align: justify\" class=\"MsoNormal\">\n<strong><span style=\"font-family: Verdana; font-size: 10pt\"><\/span><\/strong>\n<\/p>\n<p style=\"text-align: justify\" class=\"MsoNormal\">\n<strong><span style=\"font-family: Verdana; font-size: 10pt\">Con la partecipazione di IPPR a Marca 2011 la cultura del riciclo approda alla GDO <\/span><\/strong>\n<\/p>\n<p style=\"text-align: justify\" class=\"MsoNormal\">\n<span style=\"font-family: Verdana; font-size: 10pt\"><\/span>\n<\/p>\n<p style=\"text-align: justify\" class=\"MsoNormal\">\n<span style=\"font-family: Verdana; font-size: 10pt\">Dal 19 al 20 gennaio IPPR \u2013 Istituto per la Promozione delle Plastiche da Riciclo partecipa, presso Bologna Fiere, a <strong>MARCA 2011<\/strong>, manifestazione dedicata al mondo della Grande Distribuzione Organizzata, al fine di <strong>promuovere verso nuovi mercati i prodotti in plastica da riciclo<\/strong> e di fronteggiare campagne di disinformazione messe in atto nei confronti delle materie plastiche in generale.<\/span>\n<\/p>\n<p style=\"text-align: justify\" class=\"MsoNormal\">\n<span style=\"font-family: Verdana; font-size: 10pt\"><\/span>\n<\/p>\n<p style=\"text-align: justify\" class=\"MsoNormal\">\n<span style=\"font-family: Verdana; font-size: 10pt\">MarcabyBolognaFiere \u2013 Private Label Conference and Exhibition \u00e8 una manifestazione rivolta al mondo della marca commerciale che si \u00e8 accreditata come <em>rendez-vous<\/em> di eccellenza il settore. \u00a0L\u2019evento si presenta come appuntamento dalla spiccata vocazione commerciale e, nello stesso tempo, con un ruolo di \u201cpiattaforma per la formazione e l\u2019informazione\u201d del settore, che ben si coniuga con la <strong>promozione della cultura del riciclo<em>, mission<\/em> primaria di IPPR<\/strong>. <\/span>\n<\/p>\n<p style=\"text-align: justify\" class=\"MsoNormal\">\n<span style=\"font-family: Verdana; font-size: 10pt\"><\/span>\n<\/p>\n<p style=\"text-align: justify\" class=\"MsoNormal\">\n<span style=\"font-family: Verdana; font-size: 10pt\">Ricordiamo che saranno coinvolte le principali insegne della GDO e della DO, quali (a titolo esemplificativo) Auchan, Coop, Carrefour, Billa, Crai, Conad, Despar unitamente a produttori di food, produttori di IV e V gamma, produttori di non food, societ\u00e0 di packaging, laboratori di ricerca, societ\u00e0 di servizi per la logistica, societ\u00e0 di trademarketing, stampa specializzata.<\/span>\n<\/p>\n<p style=\"text-align: justify\" class=\"MsoNormal\">\n<span style=\"font-family: Verdana; font-size: 10pt\">All\u2019interno dello <strong>stand di IPPR (pad. 26, n. 144-148),<\/strong> pensato come una vera e propria mostra dedicata al mondo della GDO, saranno esposti, secondo aree tematiche differenti, i manufatti in plastica da riciclo accompagnati da appositi <em>claim<\/em>, al fine di <strong>sensibilizzare e indirizzare il pubblico verso scelte vincenti ed allo stesso tempo sostenibili dal punto di vista ambientale<\/strong>.<\/span>\n<\/p>\n<p style=\"text-align: justify\" class=\"MsoNormal\">\n<span style=\"font-family: Verdana; font-size: 10pt\"><\/span>\n<\/p>\n<p style=\"text-align: justify\" class=\"MsoNormal\">\n<span style=\"font-family: Verdana; font-size: 10pt\">Vi invitiamo a visitare il nostro stand per conoscere meglio le attivit\u00e0 di IPPR e i prodotti a marchio \u201c,Plastica Seconda Vita\u201d, nonch\u00e9 per discutere di eventuali opportunit\u00e0 di collaborazione.<\/span>\n<\/p>\n<p style=\"text-align: justify\" class=\"MsoNormal\">\n<span style=\"font-family: Verdana; font-size: 10pt\"><\/span>\n<\/p>\n<p class=\"MsoNormal\">\n<em><span style=\"font-family: Verdana; color: black; font-size: 10pt\">I.P.P.R. Press Office<\/span><\/em>\n<\/p>\n<p>\n\u00a0\n<\/p>\n<p>\nGALLERIA FOTO\n<\/p>\n<p>\n\u00a0\n<\/p>\n<p>\n<a href=\"images\/stories\/wfdocuments\/IPPR_001.JPG\" target=\"_blank\" rel=\"noopener\">Foto 1<\/a>\n<\/p>\n<p>\n<a href=\"images\/stories\/wfdocuments\/IPPR_002.JPG\" target=\"_blank\" rel=\"noopener\">Foto 2<\/a>\n<\/p>\n<p>\n<a href=\"images\/stories\/wfdocuments\/IPPR_003.JPG\" target=\"_blank\" rel=\"noopener\">Foto 3<\/a>\n<\/p>\n<p>\n<a href=\"images\/stories\/wfdocuments\/IPPR_004.JPG\" target=\"_blank\" rel=\"noopener\">Foto 4<\/a>\n<\/p>\n<p>\n<a href=\"images\/stories\/wfdocuments\/IPPR_005.JPG\" target=\"_blank\" rel=\"noopener\">Foto 5<\/a>\n<\/p>\n<p>\n<a href=\"images\/stories\/wfdocuments\/IPPR_006.JPG\" target=\"_blank\" rel=\"noopener\">Foto 6<\/a>\n<\/p>\n<p>\n<a href=\"images\/stories\/wfdocuments\/IPPR_007.JPG\" target=\"_blank\" rel=\"noopener\">Foto 7<\/a>\n<\/p>\n<p>\n<a href=\"images\/stories\/wfdocuments\/IPPR_008.JPG\" target=\"_blank\" rel=\"noopener\">Foto 8<\/a>\n<\/p>\n<p>\n<a href=\"images\/stories\/wfdocuments\/IPPR_009.JPG\" target=\"_blank\" rel=\"noopener\">Foto 9<\/a>\n<\/p>\n<p>\n<a href=\"images\/stories\/wfdocuments\/IPPR_010.JPG\" target=\"_blank\" rel=\"noopener\">Foto 10 <\/a>\n<\/p>\n<p><a href=\"images\/stories\/wfdocuments\/IPPR_001.JPG\" target=\"_blank\" rel=\"noopener\"><\/a><\/p>\n","protected":false},"excerpt":{"rendered":"<p>\u00a0<\/p>\n<p>  Comunicato stampa:   <\/p>\n<p>  LET ME LIVE AGAIN!   <\/p>\n<p>  Con la partecipazione di IPPR a Marca 2011 la cultura del riciclo approda alla GDO   <\/p>\n<p> Dal 19 al 20 gennaio IPPR \u2013 Istituto per la Promozione delle Pl&#8230;<\/p>\n","protected":false},"author":1,"featured_media":0,"comment_status":"","ping_status":"closed","sticky":false,"template":"","format":"standard","meta":{"_acf_changed":false,"footnotes":""},"categories":[10],"tags":[],"class_list":["post-6985","post","type-post","status-publish","format-standard","hentry","category-eventi"],"acf":[],"_links":{"self":[{"href":"https:\/\/www.ippr.it\/en\/wp-json\/wp\/v2\/posts\/6985","targetHints":{"allow":["GET"]}}],"collection":[{"href":"https:\/\/www.ippr.it\/en\/wp-json\/wp\/v2\/posts"}],"about":[{"href":"https:\/\/www.ippr.it\/en\/wp-json\/wp\/v2\/types\/post"}],"author":[{"embeddable":true,"href":"https:\/\/www.ippr.it\/en\/wp-json\/wp\/v2\/users\/1"}],"replies":[{"embeddable":true,"href":"https:\/\/www.ippr.it\/en\/wp-json\/wp\/v2\/comments?post=6985"}],"version-history":[{"count":0,"href":"https:\/\/www.ippr.it\/en\/wp-json\/wp\/v2\/posts\/6985\/revisions"}],"wp:attachment":[{"href":"https:\/\/www.ippr.it\/en\/wp-json\/wp\/v2\/media?parent=6985"}],"wp:term":[{"taxonomy":"category","embeddable":true,"href":"https:\/\/www.ippr.it\/en\/wp-json\/wp\/v2\/categories?post=6985"},{"taxonomy":"post_tag","embeddable":true,"href":"https:\/\/www.ippr.it\/en\/wp-json\/wp\/v2\/tags?post=6985"}],"curies":[{"name":"wp","href":"https:\/\/api.w.org\/{rel}","templated":true}]}}