{"id":7075,"date":"2017-03-31T13:47:03","date_gmt":"2017-03-31T11:47:03","guid":{"rendered":"https:\/\/www.ippr.it\/eventi\/corepla-e-legambiente-insieme-a-convegno-leconomia-circolare-conviene\/"},"modified":"2017-03-31T13:47:03","modified_gmt":"2017-03-31T11:47:03","slug":"corepla-e-legambiente-insieme-a-convegno-leconomia-circolare-conviene","status":"publish","type":"post","link":"https:\/\/www.ippr.it\/en\/eventi\/corepla-e-legambiente-insieme-a-convegno-leconomia-circolare-conviene\/","title":{"rendered":"COREPLA e Legambiente insieme a convegno: L\u2019Economia Circolare conviene"},"content":{"rendered":"<p style=\"text-align: justify;\">\u00a0<\/p>\n<p style=\"text-align: justify;\"><strong>Corepla<\/strong> e <strong>Legambiente<\/strong> organizzano il prossimo 4 aprile 2017 a Roma, presso il Centro Studi Americani, un convegno sul riciclo delle materie plastiche per illustrare i benefici per l\u2019economia e l\u2019ambiente, sottolineando il livello di eccellenza raggiunto dal nostro paese nelle attivit\u00e0 industriali e nella ricerca.<\/p>\n<p style=\"text-align: justify;\"><img loading=\"lazy\" decoding=\"async\" src=\"http:\/\/www.corepla.it\/sites\/default\/files\/immagini\/SAVE%20THE%20DATE_L%27economia%20circolare%20conviene.jpg\" border=\"0\" alt=\"L'economia circolare conviene - L'industria del riciclo della plastica\" width=\"617\" height=\"373\" \/><\/p>\n<p style=\"text-align: justify;\">\u201cLe aziende del settore hanno conquistato il mercato con nuove materie prime seconde, applicazioni, tecnologie e processi &#8211; spiegano gli organizzatori nella presentazione -. L\u2019Italia \u00e8 protagonista nel percorso dell\u2019economia circolare europea verso gli obiettivi del 2030. Perch\u00e9 la corretta gestione dei rifiuti \u00e8 sempre pi\u00f9 strategica nelle politiche dei Paesi avanzati sia sotto il profilo sociale e politico che economico ed industriale. Differenziare i rifiuti conviene all\u2019ambiente, alle imprese e alle tasche dei cittadini\u201d.<\/p>\n<p style=\"text-align: justify;\"><strong><\/strong><strong><\/strong>Questo il programma dell\u2019evento:<\/p>\n<p style=\"text-align: justify;\"><strong>L\u2019economia circolare conviene. L\u2019industria del riciclo della plastica come vantaggio competitivo in Italia e in Europa.<\/strong><\/p>\n<p style=\"text-align: justify;\">Marted\u00ec 4 aprile 2017<\/p>\n<p style=\"text-align: justify;\">Centro Studi Americani via Michelangelo Caetani 32 Roma<\/p>\n<p style=\"text-align: justify;\">\u00a0<\/p>\n<p style=\"text-align: justify;\"><em>Ore 09.30<\/em>: Saluti &#8211; Paolo Messa (direttore Centro Studi Americani).<\/p>\n<p style=\"text-align: justify;\"><em>Ore 10.00<\/em>: Introducono i lavori Antonello Ciotti presidente Corepla e Stefano Ciafani direttore generale Legambiente.<\/p>\n<p style=\"text-align: justify;\"><em>Ore 10.30<\/em>: I SESSIONE La nuova vita dei rifiuti marini e lacustri. Intervengono: Giorgio Zampetti (responsabile scientifico Legambiente), Loris Pietrelli (ricercatore Enea) e Michel Loubry (responsible for Marine Litter PlasticsEurope).<\/p>\n<p style=\"text-align: justify;\"><em>Ore 11.00<\/em>: II SESSIONE Plastica e riciclo: le opportunit\u00e0 di un settore in evoluzione. Intervengono: Fabio Fava (Universit\u00e0 di Bologna e rappresentante italiano Blue Growth in Horion2020 e nello Strategic Board della Bluemed initiative), Palmino Di Giacinto (amministratore unico CIER) ed Emanuele Rappa (AD Revet).<\/p>\n<p style=\"text-align: justify;\"><em>Ore 11.45<\/em>: III SESSIONE Diffferenziare conviene: i vantaggi economici per i cittadini. Intervengono: Guido Tendas (sindaco di Oristano) e Michele Rasera (direttore generale Contarina).<\/p>\n<p style=\"text-align: justify;\"><em>Ore 12.15<\/em>. TAVOLA ROTONDA La leadership italiana nel nuovo scenario europeo definito dal Pacchetto sull\u2019economia circolare. Modera Jacopo Giliberto de Il Sole 24 Ore. Intervengono: Gian Luca Galletti (ministro dell\u2019Ambiente e della Tutela del Territorio e del Mare), Ermete Realacci (presidente Commissione Ambiente, Territorio e Lavori Pubblici della Camera dei Deputati), Federico Pizzarotti (vicepresidente ANCI), Roberto De Santis (presidente Conai), Giorgio Quagliuolo (presidente Unionplast), Edo Ronchi (presidente Fondazione per lo Sviluppo sostenibile), Antonello Ciotti (presidente Corepla), Rossella Muroni (presidente Legambiente).<\/p>\n<p style=\"text-align: justify;\"><em>Ore 13.30<\/em>: Chiusura dei lavori.<\/p>\n","protected":false},"excerpt":{"rendered":"<p>Corepla e Legambiente organizzano il prossimo 4 aprile 2017 a Roma, presso il Centro Studi Americani, un convegno sul riciclo delle materie plastiche per illustrare i benefici per l\u2019economia e l\u2019ambiente, sottolineando il livello di eccellenza raggiunto dal nostro paese nelle attivit\u00e0 industriali e nella ricerca.<\/p>\n","protected":false},"author":1,"featured_media":0,"comment_status":"","ping_status":"closed","sticky":false,"template":"","format":"standard","meta":{"_acf_changed":false,"footnotes":""},"categories":[10],"tags":[],"class_list":["post-7075","post","type-post","status-publish","format-standard","hentry","category-eventi"],"acf":[],"_links":{"self":[{"href":"https:\/\/www.ippr.it\/en\/wp-json\/wp\/v2\/posts\/7075","targetHints":{"allow":["GET"]}}],"collection":[{"href":"https:\/\/www.ippr.it\/en\/wp-json\/wp\/v2\/posts"}],"about":[{"href":"https:\/\/www.ippr.it\/en\/wp-json\/wp\/v2\/types\/post"}],"author":[{"embeddable":true,"href":"https:\/\/www.ippr.it\/en\/wp-json\/wp\/v2\/users\/1"}],"replies":[{"embeddable":true,"href":"https:\/\/www.ippr.it\/en\/wp-json\/wp\/v2\/comments?post=7075"}],"version-history":[{"count":0,"href":"https:\/\/www.ippr.it\/en\/wp-json\/wp\/v2\/posts\/7075\/revisions"}],"wp:attachment":[{"href":"https:\/\/www.ippr.it\/en\/wp-json\/wp\/v2\/media?parent=7075"}],"wp:term":[{"taxonomy":"category","embeddable":true,"href":"https:\/\/www.ippr.it\/en\/wp-json\/wp\/v2\/categories?post=7075"},{"taxonomy":"post_tag","embeddable":true,"href":"https:\/\/www.ippr.it\/en\/wp-json\/wp\/v2\/tags?post=7075"}],"curies":[{"name":"wp","href":"https:\/\/api.w.org\/{rel}","templated":true}]}}