{"id":7079,"date":"2017-05-02T12:41:22","date_gmt":"2017-05-02T10:41:22","guid":{"rendered":"https:\/\/www.ippr.it\/eventi\/24-maggio-verona-convengo-plastiche-da-riciclo-perche-il-valore-conta\/"},"modified":"2017-05-02T12:41:22","modified_gmt":"2017-05-02T10:41:22","slug":"24-maggio-verona-convengo-plastiche-da-riciclo-perche-il-valore-conta","status":"publish","type":"post","link":"https:\/\/www.ippr.it\/en\/eventi\/24-maggio-verona-convengo-plastiche-da-riciclo-perche-il-valore-conta\/","title":{"rendered":"24 maggio, Verona: Convengo plastiche da riciclo \u2013 perch\u00e9 il valore conta"},"content":{"rendered":"<p><img loading=\"lazy\" decoding=\"async\" src=\"\/wp-content\/uploads\/ippr-images\/eventi\/pulire.png\" border=\"0\" alt=\"\" width=\"519\" height=\"104\" \/><\/p>\n<p style=\"text-align: justify;\">Dal 23 al 25 maggio si terr\u00e0 a Verona la ventitreesima edizione della fiera internazionale della pulizia professionale, <strong>PULIRE<\/strong>.<\/p>\n<p style=\"text-align: justify;\">La pi\u00f9 grande fiera in Italia della pulizia professionale, che ospita un\u2019offerta merceologica completa di macchine, prodotti chimici, attrezzature e componentistica per la pulizia professionale e l\u2019igiene degli ambienti. 30 anni di storia al servizio degli operatori fanno di Pulire la seconda manifestazione in Europa per importanza e dimensioni e una delle pi\u00f9 importanti a livello mondiale.<\/p>\n<p style=\"text-align: justify;\">I pi\u00f9 grandi gruppi internazionali, le aziende leader di settore, le soluzioni pi\u00f9 innovative. Tutto al servizio degli operatori del pulito.<\/p>\n<p style=\"text-align: justify;\">Presso lo stand di <strong>Afidamp<\/strong>, mercoled\u00ec 24 maggio alle ore 17 IPPR e COREPLA presenteranno alle aziende del settore i risultati dello studio sul mercato delle plastiche riciclate: le tipologie, le quantit\u00e0 in gioco, la qualit\u00e0 che da sempre distingue i materiali riciclati in Italia e le modalit\u00e0 per ottenere il marchio <strong>Plastica Seconda Vita<\/strong>.<\/p>\n<p>I temi che verranno trattati sono:<\/p>\n<ul>\n<li><strong>Plastica riciclata: quantit\u00e0, qualit\u00e0, settori di impiego (Corepla, relatore Davide Pollon)<\/strong><\/li>\n<li style=\"text-align: justify;\"><strong>Il marchio Plastica Seconda Vita come strumento di valorizzazione di manufatti e imballaggi \u00a0(IPPR , relatore Maria Cristina Poggesi)<\/strong><\/li>\n<li><strong>Case history: l\u2019esperienza di un riciclatore (Breplast, relatore Marco Musselli).<\/strong><\/li>\n<\/ul>\n<p style=\"text-align: justify;\">Un\u2019occasione per fare luce sulle possibili fonti di approvvigionamento di materie prime seconde per la produzione di <strong>imballaggi e manufatti conformi al CAM<\/strong> \u00a0sanificazione e pulizia.<\/p>\n<p style=\"text-align: justify;\">\u00a0<\/p>\n<p style=\"text-align: justify;\">Ricordiamo infatti che il Decreto Ministeriale relativo ai Criteri Ambientali Minimi (CAM) per il servizio di\u00a0 sanificazione per le strutture sanitarie e la fornitura di prodotti detergenti, pubblicato sulla Gazzetta Ufficiale n. 262 (Serie Generale) del 9\/11\/2016 d\u00e0, ancora una volta, spazio ai prodotti in plastica riciclata:<\/p>\n<ul style=\"text-align: justify;\">\n<li><strong>I carrelli per la pulizia <\/strong>(par. 4.4.4 \u00a0\u201cProdotti ausiliari per l\u2019igiene\u201d, come <span style=\"text-decoration: underline;\">clausola contrattuale<\/span>) dovranno avere secchi in plastica riciclata (almeno il 50% ) di colori diversi a seconda della destinazione d\u2019uso. <strong>Plastica Seconda Vita <\/strong>\u00e8 strumento di presunzione di conformit\u00e0 a tale requisito (il decreto richiama infatti i criteri di verifica individuati nel CAM arredo urbano);<\/li>\n<li><strong>Gli imballaggi primari riutilizzabili <\/strong>(par. 5.1.8 e 5.2.8 \u201cRequisiti dell\u2019imballaggio\u201d come <span style=\"text-decoration: underline;\">criteri ambientali minimi<\/span><strong> <\/strong>dei detergenti per pulizie ordinarie e straordinarie) dovranno avere un contenuto di plastica riciclata pari ad almeno il 30%. Tale criterio sar\u00e0 opzionale fino al 9 novembre 2017, successivamente sar\u00e0 obbligatorio. <strong>Plastica Seconda Vita <\/strong>\u00e8 criterio di verifica di tale requisito in quanto certificazione di parte terza conforme alla norma <strong>UNI EN ISO 14201<\/strong>.<\/li>\n<\/ul>\n<p style=\"text-align: justify;\">\u00a0<\/p>\n<p style=\"text-align: justify;\">IPPR sar\u00e0 inoltre presente per tutta la durata della manifestazione con un proprio spazio presso il <strong>Padiglione .Gall.2\/3 stand 4<\/strong><\/p>\n","protected":false},"excerpt":{"rendered":"<p>Dal 23 al 25 maggio si terr\u00e0 a Verona la ventitreesima edizione della fiera internazionale della pulizia professionale, PULIRE. La pi\u00f9 grande fiera in Italia della pulizia professionale, che ospita un\u2019offerta merceologica completa di macchine, prodotti chimici, attrezzature e componentistica per la pulizia professionale e l\u2019igiene degli ambienti. 30 anni di storia al servizio degli [&hellip;]<\/p>\n","protected":false},"author":1,"featured_media":0,"comment_status":"","ping_status":"closed","sticky":false,"template":"","format":"standard","meta":{"_acf_changed":false,"footnotes":""},"categories":[10],"tags":[],"class_list":["post-7079","post","type-post","status-publish","format-standard","hentry","category-eventi"],"acf":[],"_links":{"self":[{"href":"https:\/\/www.ippr.it\/en\/wp-json\/wp\/v2\/posts\/7079","targetHints":{"allow":["GET"]}}],"collection":[{"href":"https:\/\/www.ippr.it\/en\/wp-json\/wp\/v2\/posts"}],"about":[{"href":"https:\/\/www.ippr.it\/en\/wp-json\/wp\/v2\/types\/post"}],"author":[{"embeddable":true,"href":"https:\/\/www.ippr.it\/en\/wp-json\/wp\/v2\/users\/1"}],"replies":[{"embeddable":true,"href":"https:\/\/www.ippr.it\/en\/wp-json\/wp\/v2\/comments?post=7079"}],"version-history":[{"count":0,"href":"https:\/\/www.ippr.it\/en\/wp-json\/wp\/v2\/posts\/7079\/revisions"}],"wp:attachment":[{"href":"https:\/\/www.ippr.it\/en\/wp-json\/wp\/v2\/media?parent=7079"}],"wp:term":[{"taxonomy":"category","embeddable":true,"href":"https:\/\/www.ippr.it\/en\/wp-json\/wp\/v2\/categories?post=7079"},{"taxonomy":"post_tag","embeddable":true,"href":"https:\/\/www.ippr.it\/en\/wp-json\/wp\/v2\/tags?post=7079"}],"curies":[{"name":"wp","href":"https:\/\/api.w.org\/{rel}","templated":true}]}}