{"id":7107,"date":"2013-05-30T14:12:11","date_gmt":"2013-05-30T12:12:11","guid":{"rendered":"https:\/\/www.ippr.it\/pubblicazioni\/libro-verde-sui-rifiuti-in-plastica-nellambiente-la-posizione-di-ippr\/"},"modified":"2013-05-30T14:12:11","modified_gmt":"2013-05-30T12:12:11","slug":"libro-verde-sui-rifiuti-in-plastica-nellambiente-la-posizione-di-ippr","status":"publish","type":"post","link":"https:\/\/www.ippr.it\/en\/pubblicazioni\/libro-verde-sui-rifiuti-in-plastica-nellambiente-la-posizione-di-ippr\/","title":{"rendered":"Libro Verde sui rifiuti in plastica nell&#8217;ambiente &#8211; La posizione di IPPR"},"content":{"rendered":"<p>\u00a0<\/p>\n<p>Tale testo potr\u00e0 essere fatto proprio da ogni impresa associata che potr\u00e0 integrare le risposte predisposte da IPPR con ulteriori commenti e proposte pertinenti la propria attivit\u00e0.<\/p>\n<p>Le parti interessate avranno tempo fino al 7 giugno per rispondere alla consultazione. Le risposte potranno essere trasmesse attraverso il seguente link :<\/p>\n<p>\u00a0<a href=\"http:\/\/ec.europa.eu\/environment\/consultations\/plastic_waste_en.htm\" target=\"_blank\" rel=\"noopener\">http:\/\/ec.europa.eu\/environment\/consultations\/plastic_waste_en.htm<\/a><\/p>\n<p>\u00a0<\/p>\n<p>La risposte alla consultazione, sulla base di quanto predisposto da\u00a0 IPPR, consentiranno di promuovere l\u2019industria del riciclo nell\u2019ambito di un riordino della politica\u00a0 comunitaria in materia di rifiuti che avr\u00e0 luogo a partire dal prossimo anno.<\/p>\n<p>\u00a0<\/p>\n<p>La segreteria dell\u2019Istituto rimane a disposizione per ogni ulteriore informazione.\u00a0\u00a0<\/p>\n<p>\u00a0[ipprDownload view=&#8221;file&#8221; id=&#8221;234&#8243; target=&#8221;s&#8221;]<\/p>\n<p>\u00a0<\/p>\n","protected":false},"excerpt":{"rendered":"<p>Il 21 maggio u.s. scorso si \u00e8 tenuto presso il Centro Congressi di Assago Milano Fiori un incontro organizzato da UNIONPLAST e IPPR sui contenuti del Libro Verde riguardante la strategia europea per i rifiuti di plastica nell\u2019ambiente.\u00a0 Attraverso il Libro Verde la Commissione Europea ha avviato una consultazione aperta a tutte le parti interessate (istituzioni, associazioni, enti, cittadini) mirata ad aggiornare\u00a0 e migliorare le politiche comunitarie riguardanti la valorizzazione dei rifiuti plastici.<br \/>\n\u00a0<br \/>\nTale consultazione prevede la formulazione di risposte e osservazioni alle\u00a0 domande contenute nel Libro Verde su diversi aspetti che interessano la raccolta e il recupero dei rifiuti plastici.<br \/>\nNel corso della riunione del 21 maggio \u00a0le aziende partecipanti hanno avuto modo di esaminare la posizione di EuPC trasmessa con la convocazione e di formulare proprie osservazioni su ciascuna domanda prevista dal Libro Verde.\u00a0 Sulla base delle osservazioni ricevute IPPR ha predisposto il testo in allegato che verr\u00e0 trasmesso dall\u2019Istituto in risposta alla consultazione.<\/p>\n","protected":false},"author":1,"featured_media":0,"comment_status":"","ping_status":"closed","sticky":false,"template":"","format":"standard","meta":{"_acf_changed":false,"footnotes":""},"categories":[273],"tags":[],"class_list":["post-7107","post","type-post","status-publish","format-standard","hentry","category-pubblicazioni"],"acf":[],"_links":{"self":[{"href":"https:\/\/www.ippr.it\/en\/wp-json\/wp\/v2\/posts\/7107","targetHints":{"allow":["GET"]}}],"collection":[{"href":"https:\/\/www.ippr.it\/en\/wp-json\/wp\/v2\/posts"}],"about":[{"href":"https:\/\/www.ippr.it\/en\/wp-json\/wp\/v2\/types\/post"}],"author":[{"embeddable":true,"href":"https:\/\/www.ippr.it\/en\/wp-json\/wp\/v2\/users\/1"}],"replies":[{"embeddable":true,"href":"https:\/\/www.ippr.it\/en\/wp-json\/wp\/v2\/comments?post=7107"}],"version-history":[{"count":0,"href":"https:\/\/www.ippr.it\/en\/wp-json\/wp\/v2\/posts\/7107\/revisions"}],"wp:attachment":[{"href":"https:\/\/www.ippr.it\/en\/wp-json\/wp\/v2\/media?parent=7107"}],"wp:term":[{"taxonomy":"category","embeddable":true,"href":"https:\/\/www.ippr.it\/en\/wp-json\/wp\/v2\/categories?post=7107"},{"taxonomy":"post_tag","embeddable":true,"href":"https:\/\/www.ippr.it\/en\/wp-json\/wp\/v2\/tags?post=7107"}],"curies":[{"name":"wp","href":"https:\/\/api.w.org\/{rel}","templated":true}]}}