{"id":8390,"date":"2012-06-19T09:42:36","date_gmt":"2012-06-19T07:42:36","guid":{"rendered":"https:\/\/www.ippr.it\/normativa\/rifiuti-sottoprodotti-end-of-waste\/sistri-19-06-2012-la-sospensione-del-sistema-discussa-in-cdm\/"},"modified":"2012-06-19T09:42:36","modified_gmt":"2012-06-19T07:42:36","slug":"sistri-19-06-2012-la-sospensione-del-sistema-discussa-in-cdm","status":"publish","type":"post","link":"https:\/\/www.ippr.it\/en\/normativa\/rifiuti-sottoprodotti-end-of-waste\/sistri-19-06-2012-la-sospensione-del-sistema-discussa-in-cdm\/","title":{"rendered":"SISTRI 19-06-2012 &#8211; La sospensione del sistema discussa in CdM"},"content":{"rendered":"<p>Informiamo che il comunicato stampa della Presidenza del Consiglio dei Ministri del 15 giugno 2012 precisa:\u00a0 &#8220;il Consiglio dei Ministri, su proposta del ministro dello Sviluppo economico, delle Infrastrutture e dei Trasporti, ha approvato un pacchetto contenente un ventaglio di misure urgenti e strutturali&#8221; per la crescita sostenibile.<\/p>\n<p>Tra i &#8220;punti principali del pacchetto&#8221; figura la sospensione dell&#8217;entrata in operativit\u00e0 del SISTRI: &#8220;per consentire i necessari accertamenti sul funzionamento del sistema di tracciabilit\u00e0 dei rifiuti (SISTRI), vengono sospesi il termine di entrata in operativit\u00e0 del sistema per un massimo di 12 mesi e i conseguenti adempimenti delle imprese, ferma restando la disciplina di controllo preesistente.&#8221;<\/p>\n<p>\u00a0<\/p>\n<p>A partire dalla pubblicazione in Gazzetto del DL in questione, qualora approvato senza variazioni in tema di tracciabilit\u00e0, saranno\u00a0 sospesi, quindi, il contributo per il 2012 e l\u2019obbligo di utilizzare il sistema informatico: la tracciabilit\u00e0 dei rifiuti continuer\u00e0 ad essere garantita dall\u2019utilizzo degli usuali registri e formulari cartacei.<\/p>\n","protected":false},"excerpt":{"rendered":"<p>Informiamo che il comunicato stampa della Presidenza del Consiglio dei Ministri del 15 giugno 2012 precisa:\u00a0 &#8220;il Consiglio dei Ministri, su proposta del ministro dello Sviluppo economico, delle Infrastrutture e dei Trasporti, ha approvato un pacchetto contenente un ventaglio di misure urgenti e strutturali&#8221; per la crescita sostenibile.<br \/>\n\u00a0<br \/>\nTra i &#8220;punti principali del pacchetto&#8221; figura la sospensione dell&#8217;entrata in operativit\u00e0 del SISTRI<\/p>\n","protected":false},"author":1,"featured_media":0,"comment_status":"","ping_status":"closed","sticky":false,"template":"","format":"standard","meta":{"_acf_changed":false,"footnotes":""},"categories":[276],"tags":[],"class_list":["post-8390","post","type-post","status-publish","format-standard","hentry","category-rifiuti-sottoprodotti-end-of-waste"],"acf":[],"_links":{"self":[{"href":"https:\/\/www.ippr.it\/en\/wp-json\/wp\/v2\/posts\/8390","targetHints":{"allow":["GET"]}}],"collection":[{"href":"https:\/\/www.ippr.it\/en\/wp-json\/wp\/v2\/posts"}],"about":[{"href":"https:\/\/www.ippr.it\/en\/wp-json\/wp\/v2\/types\/post"}],"author":[{"embeddable":true,"href":"https:\/\/www.ippr.it\/en\/wp-json\/wp\/v2\/users\/1"}],"replies":[{"embeddable":true,"href":"https:\/\/www.ippr.it\/en\/wp-json\/wp\/v2\/comments?post=8390"}],"version-history":[{"count":0,"href":"https:\/\/www.ippr.it\/en\/wp-json\/wp\/v2\/posts\/8390\/revisions"}],"wp:attachment":[{"href":"https:\/\/www.ippr.it\/en\/wp-json\/wp\/v2\/media?parent=8390"}],"wp:term":[{"taxonomy":"category","embeddable":true,"href":"https:\/\/www.ippr.it\/en\/wp-json\/wp\/v2\/categories?post=8390"},{"taxonomy":"post_tag","embeddable":true,"href":"https:\/\/www.ippr.it\/en\/wp-json\/wp\/v2\/tags?post=8390"}],"curies":[{"name":"wp","href":"https:\/\/api.w.org\/{rel}","templated":true}]}}