{"id":8448,"date":"2011-07-08T00:00:00","date_gmt":"2011-07-07T22:00:00","guid":{"rendered":"https:\/\/www.ippr.it\/normativa\/politiche-ambientali\/circolare-appalti-firmato-il-decreto-sulla-stazione-unica-appaltante\/"},"modified":"2011-07-08T00:00:00","modified_gmt":"2011-07-07T22:00:00","slug":"circolare-appalti-firmato-il-decreto-sulla-stazione-unica-appaltante","status":"publish","type":"post","link":"https:\/\/www.ippr.it\/en\/normativa\/politiche-ambientali\/circolare-appalti-firmato-il-decreto-sulla-stazione-unica-appaltante\/","title":{"rendered":"CIRCOLARE &#8211; Appalti, firmato il decreto sulla stazione unica appaltante"},"content":{"rendered":"<p>Egr. associati,<\/p>\n<p><span style=\"font-size: small;\"><span style=\"font-family: 'Tahoma','sans-serif';\">arriva una stazione appaltante unica a livello regionale che cu<span style=\"color: navy;\">ri<\/span>, per conto delle amministrazioni interessate aderenti, l&#8217;aggiudicazione degli appalti ex Dlgs 163\/2006 (Codice appalti).<\/span><\/span><\/p>\n<p class=\"MsoNormal\" style=\"text-align: justify;\"><span style=\"font-size: small;\"><span style=\"font-family: 'Tahoma','sans-serif';\">La disciplina \u00e8 stata fissata dallo schema di Dpcm firmato il 30 giugno 2011 in attuazione dell&#8217;articolo 13 della legge 13 agosto 2010 n. 136 (piano straordinario contro le mafie).<\/span><\/span><\/p>\n<p class=\"MsoNormal\" style=\"text-align: justify;\"><span style=\"font-size: small;\"><span style=\"font-family: 'Tahoma','sans-serif';\">Una o pi\u00f9 Stazioni uniche appaltanti su base regionale come basi di committenza unica, assicureranno trasparenza, regolarit\u00e0 e economicit\u00e0 della gestione degli appalti pubblici, sottraendoli alle infiltrazioni mafiose.<\/span><\/span><\/p>\n<p class=\"MsoNormal\" style=\"text-align: justify;\"><span style=\"font-size: small;\"><span style=\"font-family: 'Tahoma','sans-serif';\">Le amministrazioni non saranno obbligate a ricorrere alla Stazione unica appaltante, ma ne avranno semplice facolt\u00e0 stipulando una apposita convenzione con la struttura.<\/span><\/span><\/p>\n<p class=\"MsoNormal\" style=\"text-align: justify;\"><span style=\"font-size: small;\"><span style=\"font-family: 'Tahoma','sans-serif';\">Il provvedimento ha acquisito l&#8217;intesa della Conferenza Unificata ed \u00e8 stato trasmesso alla Corte dei Conti per la registrazione e la successiva pubblicazione in Gazzetta ufficiale.<\/span><\/span><\/p>\n<p class=\"MsoNormal\"><span style=\"font-size: small;\"><span style=\"font-family: 'Tahoma','sans-serif';\">Cordiali saluti.<\/span><\/span><\/p>\n","protected":false},"excerpt":{"rendered":"<p>Egr. associati, arriva una stazione appaltante unica a livello regionale che cu ri , per conto delle amministrazioni interessate aderenti, l&#8217;aggiudicazione degli appalti ex Dlgs 163\/2006 (Codice appalti). La discipli&#8230;<\/p>\n","protected":false},"author":1,"featured_media":0,"comment_status":"","ping_status":"closed","sticky":false,"template":"","format":"standard","meta":{"_acf_changed":false,"footnotes":""},"categories":[278],"tags":[],"class_list":["post-8448","post","type-post","status-publish","format-standard","hentry","category-politiche-ambientali"],"acf":[],"_links":{"self":[{"href":"https:\/\/www.ippr.it\/en\/wp-json\/wp\/v2\/posts\/8448","targetHints":{"allow":["GET"]}}],"collection":[{"href":"https:\/\/www.ippr.it\/en\/wp-json\/wp\/v2\/posts"}],"about":[{"href":"https:\/\/www.ippr.it\/en\/wp-json\/wp\/v2\/types\/post"}],"author":[{"embeddable":true,"href":"https:\/\/www.ippr.it\/en\/wp-json\/wp\/v2\/users\/1"}],"replies":[{"embeddable":true,"href":"https:\/\/www.ippr.it\/en\/wp-json\/wp\/v2\/comments?post=8448"}],"version-history":[{"count":0,"href":"https:\/\/www.ippr.it\/en\/wp-json\/wp\/v2\/posts\/8448\/revisions"}],"wp:attachment":[{"href":"https:\/\/www.ippr.it\/en\/wp-json\/wp\/v2\/media?parent=8448"}],"wp:term":[{"taxonomy":"category","embeddable":true,"href":"https:\/\/www.ippr.it\/en\/wp-json\/wp\/v2\/categories?post=8448"},{"taxonomy":"post_tag","embeddable":true,"href":"https:\/\/www.ippr.it\/en\/wp-json\/wp\/v2\/tags?post=8448"}],"curies":[{"name":"wp","href":"https:\/\/api.w.org\/{rel}","templated":true}]}}