{"id":8481,"date":"2016-05-02T08:03:53","date_gmt":"2016-05-02T06:03:53","guid":{"rendered":"https:\/\/www.ippr.it\/normativa\/gpp-acquisti-verdi\/imballaggi-in-plastica-riciclata-nei-cam-facciamo-il-punto\/"},"modified":"2016-05-02T08:03:53","modified_gmt":"2016-05-02T06:03:53","slug":"imballaggi-in-plastica-riciclata-nei-cam-facciamo-il-punto","status":"publish","type":"post","link":"https:\/\/www.ippr.it\/en\/normativa\/gpp-acquisti-verdi\/imballaggi-in-plastica-riciclata-nei-cam-facciamo-il-punto\/","title":{"rendered":"Imballaggi in plastica riciclata nei CAM: facciamo il punto"},"content":{"rendered":"<p style=\"text-align: justify;\">\u00a0<\/p>\n<p style=\"text-align: justify;\">Dal 2 febbraio scorso il GPP \u2013 e la conseguente applicazione dei Criteri Ambientali Minimi &#8211; \u00e8 diventato obbligatorio. I settori interessati sono diversi, ma vi \u00e8 un prodotto che appare trasversalmente laddove \u00e8 ragionevole che venga utilizzato: l\u2019imballaggio.<\/p>\n<p style=\"text-align: justify;\">Vediamo dunque come deve essere realizzato un <strong>imballaggio in plastica<\/strong> affinch\u00e8 sia <strong>conforme ai CAM<\/strong> per quanto riguarda il criterio del <strong>contenuto di riciclato<\/strong>.<\/p>\n<p style=\"text-align: justify;\">\u00a0<\/p>\n<p style=\"text-align: justify;\"><span style=\"text-decoration: underline;\">CAM arredi per ufficio &#8211; Decreto 22.02.2011 (in revisione)<\/span><\/p>\n<p style=\"text-align: justify;\">Almeno il <strong>60%<\/strong> di plastica riciclata. <strong>Plastica Seconda Vita<\/strong> riportato quale mezzo di presunzione di conformit\u00e0 al criterio.<\/p>\n<p style=\"text-align: justify;\">\u00a0<\/p>\n<p style=\"text-align: justify;\"><span style=\"text-decoration: underline;\">CAM prodotti tessili &#8211; Decreto 22.02.2011 (in revisione)<\/span><\/p>\n<p style=\"text-align: justify;\">Almeno il <strong>60% <\/strong>di plastica riciclata. <strong>Plastica Seconda Vita<\/strong> riportato quale mezzo di presunzione di conformit\u00e0 al criterio.<\/p>\n<p style=\"text-align: justify;\">\u00a0<\/p>\n<p style=\"text-align: justify;\"><span style=\"text-decoration: underline;\">CAM ristorazione collettiva e derrate alimentari &#8211; Decreto 25.07.2011<\/span><\/p>\n<p style=\"text-align: justify;\">Almeno il <strong>60%<\/strong> di plastica riciclata. <strong>Plastica Seconda Vita<\/strong> riportato quale mezzo di presunzione di conformit\u00e0 al criterio.<\/p>\n<p style=\"text-align: justify;\">\u00a0<\/p>\n<p style=\"text-align: justify;\"><span style=\"text-decoration: underline;\">CAM servizio di pulizia e prodotti per l\u2019igiene &#8211; Decreto 24.05.2012<\/span><\/p>\n<p style=\"text-align: justify;\">Non \u00e8 previsto un valore minimo di contenuto di riciclato, ma si richiede che &#8211; nel caso \u2013 le dichiarazioni di contenuto di riciclato siano conformi alla norma <strong>UNI EN ISO 14021<\/strong> (e tale \u00e8 <strong>Plastica Seconda Vita<\/strong>).<\/p>\n<p style=\"text-align: justify;\">\u00a0<\/p>\n<p style=\"text-align: justify;\"><span style=\"text-decoration: underline;\">CAM illuminazione pubblica &#8211; Decreto 23.12.2013<\/span><\/p>\n<p style=\"text-align: justify;\"><strong>Almeno il<\/strong> <strong>60%<\/strong> di plastica riciclata; punti aggiuntivi (criterio premiante) per un contenuto di plastica riciclata <strong>superiore al 70%.<\/strong> Si richiede che le dichiarazioni di contenuto di riciclato siano conformi alla norma <strong>UNI EN ISO 14021<\/strong> (ad es. <strong>Plastica Seconda Vita<\/strong>). I criteri riguardano l\u2019acquisto sia delle lampadine (lampade a scarica ad alta intensit\u00e0, lampade a LED e relativi alimentatori) sia di apparecchi di illuminazione per illuminazione pubblica.<\/p>\n<p style=\"text-align: justify;\">\u00a0<\/p>\n<p style=\"text-align: justify;\"><span style=\"text-decoration: underline;\">CAM attrezzature elettriche ed elettroniche \u00a0per ufficio &#8211; Decreto 13.12.2013<\/span><\/p>\n<p style=\"text-align: justify;\"><strong>Almeno il<\/strong> <strong>60%<\/strong> di plastica riciclata<strong>.<\/strong> Si richiede che le dichiarazioni di contenuto di riciclato siano conformi alla norma <strong>UNI EN ISO 14021<\/strong> (ad es. <strong>Plastica Seconda Vita<\/strong>). I criteri riguardano l\u2019acquisto di pc da tavolo, pc portatili, stampanti, apparecchiature multifunzione.<\/p>\n<p style=\"text-align: justify;\">\u00a0<\/p>\n<p style=\"text-align: justify;\"><span style=\"text-decoration: underline;\">CAM verde pubblico &#8211; Decreto 13.12.2013<\/span><\/p>\n<p style=\"text-align: justify;\">Non \u00e8 previsto un valore minimo di contenuto di riciclato, ma si richiede che i contenitori\/imballaggi delle piante e del materiale vegetale da mettere a dimora siano riciclati (o in alternativa riutilizzabili).<\/p>\n<p style=\"text-align: justify;\">\u00a0<\/p>\n<p style=\"text-align: justify;\"><span style=\"text-decoration: underline;\">CAM arredo urbano &#8211; Decreto 05.02.2015<\/span><\/p>\n<p style=\"text-align: justify;\"><strong>Almeno il<\/strong> <strong>60%<\/strong> di plastica riciclata<strong>.<\/strong> Si richiede che le dichiarazioni di contenuto di riciclato siano conformi alla norma <strong>UNI EN ISO 14021<\/strong> (ad es. <strong>Plastica Seconda Vita<\/strong>).<\/p>\n<p style=\"text-align: justify;\">\u00a0<\/p>\n<p style=\"text-align: justify;\">Nella sezione dedicata del sito tutte le informazioni su come ottenere il marchio <a href=\"http:\/\/ippr.it\/come-ottenere-il-marchio-plastica-seconda-vita-psv\" target=\"_blank\" rel=\"noopener\"><strong>Plastica Seconda Vita<\/strong><\/a>.<\/p>\n<p style=\"text-align: justify;\">\u00a0<\/p>\n<p><img loading=\"lazy\" decoding=\"async\" src=\"\/wp-content\/uploads\/ippr-images\/notiziesocial\/imballaggi in plastica riciclata taniche.jpg\" border=\"0\" alt=\"taniche in plastica riciclata\" title=\"esempio di imballaggi in plastica riciclata\" width=\"600\" height=\"362\" align=\"left\" \/><\/p>\n","protected":false},"excerpt":{"rendered":"<p>Dal 2 febbraio scorso il GPP \u2013 e la conseguente applicazione dei Criteri Ambientali Minimi &#8211; \u00e8 diventato obbligatorio. I settori interessati sono diversi, ma vi \u00e8 un prodotto che appare trasversalmente laddove \u00e8 ragionevole che venga utilizzato: l\u2019imballaggio.<br \/>\nVediamo dunque come deve essere realizzato un imballaggio in plastica affinch\u00e8 sia conforme ai CAM per quanto riguarda il criterio del contenuto di riciclato.<\/p>\n","protected":false},"author":1,"featured_media":0,"comment_status":"","ping_status":"closed","sticky":false,"template":"","format":"standard","meta":{"_acf_changed":false,"footnotes":""},"categories":[275],"tags":[],"class_list":["post-8481","post","type-post","status-publish","format-standard","hentry","category-gpp-acquisti-verdi"],"acf":[],"_links":{"self":[{"href":"https:\/\/www.ippr.it\/en\/wp-json\/wp\/v2\/posts\/8481","targetHints":{"allow":["GET"]}}],"collection":[{"href":"https:\/\/www.ippr.it\/en\/wp-json\/wp\/v2\/posts"}],"about":[{"href":"https:\/\/www.ippr.it\/en\/wp-json\/wp\/v2\/types\/post"}],"author":[{"embeddable":true,"href":"https:\/\/www.ippr.it\/en\/wp-json\/wp\/v2\/users\/1"}],"replies":[{"embeddable":true,"href":"https:\/\/www.ippr.it\/en\/wp-json\/wp\/v2\/comments?post=8481"}],"version-history":[{"count":0,"href":"https:\/\/www.ippr.it\/en\/wp-json\/wp\/v2\/posts\/8481\/revisions"}],"wp:attachment":[{"href":"https:\/\/www.ippr.it\/en\/wp-json\/wp\/v2\/media?parent=8481"}],"wp:term":[{"taxonomy":"category","embeddable":true,"href":"https:\/\/www.ippr.it\/en\/wp-json\/wp\/v2\/categories?post=8481"},{"taxonomy":"post_tag","embeddable":true,"href":"https:\/\/www.ippr.it\/en\/wp-json\/wp\/v2\/tags?post=8481"}],"curies":[{"name":"wp","href":"https:\/\/api.w.org\/{rel}","templated":true}]}}