{"id":8482,"date":"2016-09-15T10:28:08","date_gmt":"2016-09-15T08:28:08","guid":{"rendered":"https:\/\/www.ippr.it\/normativa\/gpp-acquisti-verdi\/400-ore-gpp-al-comune-di-ferrara-paparella-ecco-perche-il-seminario-e-necessario\/"},"modified":"2016-09-15T10:28:08","modified_gmt":"2016-09-15T08:28:08","slug":"400-ore-gpp-al-comune-di-ferrara-paparella-ecco-perche-il-seminario-e-necessario","status":"publish","type":"post","link":"https:\/\/www.ippr.it\/en\/normativa\/gpp-acquisti-verdi\/400-ore-gpp-al-comune-di-ferrara-paparella-ecco-perche-il-seminario-e-necessario\/","title":{"rendered":"400 Ore Gpp al Comune di Ferrara. Paparella: &#8220;Ecco perch\u00e9 il seminario \u00e8 necessario&#8221;"},"content":{"rendered":"<p style=\"text-align: justify;\">\u00a0<\/p>\n<p style=\"text-align: justify;\"><span style=\"font-family: Times New Roman; font-size: medium;\"><span>&#8220;Il <\/span><strong><span><a href=\"normativa\/gpp-acquisti-verdi\/9746-in-vigore-il-nuovo-codice-appalti-cosa-cambia-per-il-gpp%20\" target=\"_blank\" rel=\"noopener\"><span style=\"color: #0066cc;\"><strong>nuovo Codice Appalti<\/strong><\/span><\/a><strong>\u00a0<\/strong><\/span><\/strong><span>\u00e8 entrato in vigore in un momento sfortunato. Non si \u00e8 riusciti a dare la dovuta attenzione alle nuove regole, almeno dal punto di vista degli impiegati pubblici. Ecco perch\u00e9, anche se avevamo gi\u00e0 iniziato a <\/span><strong><span><strong>fare acquisti verdi<\/strong><\/span><\/strong><span> per il Comune di Ferrara, quando <\/span><strong><span><a href=\"http:\/\/www.punto3.info\/\" target=\"_blank\" rel=\"noopener\"><span style=\"color: #0066cc;\"><strong>Punto3<\/strong><\/span><\/a><strong>\u00a0<\/strong><\/span><\/strong><span> ci ha offerto la possibilit\u00e0 di seguire questo seminario, abbiamo aderito entusiasti&#8221;. <\/span><strong><span><strong>Francesco Paparella<\/strong><\/span><\/strong><span>, dirigente servizio Appalti e Contratti al Comune di Ferrara, \u00e8 una delle 48 persone che hanno partecipato al seminario &#8220;<\/span><strong><span><a href=\"http:\/\/www.400oregpp.it\/\" target=\"_blank\" rel=\"noopener\"><strong><span style=\"color: #0066cc;\">400 Ore GPP<\/span><\/strong><\/a><\/span><\/strong><span>&#8220;, realizzato dalla societ\u00e0 guidata da <\/span><a href=\"normativa\/gpp-acquisti-verdi\/9743-con-punto3-srl-e-ippr-la-pubblica-amministrazione-impara-come-fare-acquisti-green\" target=\"_blank\" rel=\"noopener\"><strong><span><strong><span style=\"color: #0066cc;\">Paolo Fabbri <\/span><\/strong><\/span><\/strong><\/a><span>. Nell&#8217;appuntamento ferrarese \u00e8 intervenuta anche <\/span><strong><span><strong>Cristina Poggesi<\/strong><\/span><\/strong><span> di <\/span><strong><span><strong>IPPR &#8211; Istituto per la Promozione delle Plastiche da riciclo<\/strong><\/span><\/strong><span>, per associare alla teoria degli acquisti green la pratica di tutte quelle aziende che, grazie alla certificazione <\/span><a href=\"il-marchio-psv\" target=\"_blank\" rel=\"noopener\"><strong><span><strong><span style=\"color: #0066cc;\">Plastica Seconda Vita <\/span><\/strong><\/span><\/strong><\/a><span>, immettono sul mercato prodotti compatibili con il Green Public Procurement.<\/span><\/span><\/p>\n<p style=\"text-align: justify;\"><span style=\"font-family: Times New Roman; font-size: medium;\"><span><br \/><\/span><\/span><\/p>\n<p style=\"text-align: justify;\"><span style=\"font-family: Times New Roman; font-size: medium;\">&#8220;Abbiamo scoperto il seminario dopo esser stati contattati da Punto3. Si tratta di un <\/span><strong><span style=\"font-family: Times New Roman; font-size: medium;\">appuntamento di formazione gratuito<\/span><\/strong><span style=\"font-family: Times New Roman; font-size: medium;\">&#8220;, racconta Paparella. Qualunque Ente Pubblico o Societ\u00e0 a prevalente capitale pubblico infatti pu\u00f2 scegliere (fino ad esaurimento della disponibilit\u00e0) di organizzare presso la propria sede o nella location che ritiene pi\u00f9 adeguata (senza alcun onere economico) uno dei seminari specialistici forniti da Punto3 srl. <\/span><\/p>\n<p style=\"text-align: justify;\"><span style=\"font-family: Times New Roman; font-size: medium;\">\u00a0<\/span><\/p>\n<p style=\"text-align: justify;\"><span style=\"font-family: Times New Roman; font-size: medium;\">&#8220;Durante il seminario sono state affrontate e approfondite le novit\u00e0 sul Codice degli Appalti, fondamentale per gli acquisti verdi&#8221;, spiega il dirigente del Comune di Ferrara. &#8220;Il taglio degli interventi \u00e8 stato approfondito e dettagliato. I relatori sono preparati a rispondere alle domande e sanno gestire l&#8217;aula con professionalit\u00e0. C&#8217;\u00e8 stato spazio per interventi e approfondimenti. Molto interessante \u00e8 stata anche la parte sulla presentazione del <\/span><strong><span style=\"font-family: Times New Roman; font-size: medium;\">marchio Plastica Seconda Vita<\/span><\/strong><span style=\"font-family: Times New Roman; font-size: medium;\">, che ci ha offerto una prospettiva su tutti i marchi che possono essere utilizzati nelle gare d&#8217;appalto. L&#8217;argomento \u00e8 complesso, quindi conoscere le aziende che possono aiutarci a soddisfare i requisiti dei CAM \u00e8 per noi molto importante&#8221;.<\/span><\/p>\n<p style=\"text-align: justify;\"><span style=\"font-family: Times New Roman; font-size: medium;\">\u00a0<\/span><\/p>\n<p style=\"text-align: justify;\"><span style=\"font-family: Times New Roman; font-size: medium;\">&#8220;Abbiamo gi\u00e0 fatto acquisti green presso il comune di Ferrara: per ora ci siamo concentrati sul tessile, su toner e cartucce per stampanti. In futuro, grazie anche alla presentazione del repertorio IPPR, faremo acquisti a marchio Plastica Seconda Vita anche per l&#8217;arredo da ufficio&#8221;, racconta Paparella.<\/span><\/p>\n<p style=\"text-align: justify;\"><span style=\"font-family: Times New Roman; font-size: medium;\">\u00a0<\/span><\/p>\n<p style=\"text-align: justify;\"><span style=\"font-family: Times New Roman; font-size: medium;\">&#8220;La cosa pi\u00f9 importante imparata durante questo appuntamento di formazione \u00e8 la possibilit\u00e0 di entrare in contatto con marchi che lavorano con materiale green, compatibile con i <\/span><strong><span style=\"font-family: Times New Roman; font-size: medium;\">Criteri Minimi Ambientali<\/span><\/strong><span style=\"font-family: Times New Roman; font-size: medium;\">: \u00e8 importante e ci aiuta a rispettare i requisiti necessari per le gare d&#8217;appalto&#8221;, sottolinea Paparella. &#8220;Raccomando il seminario di 400 Ore GPP perch\u00e9 a mio avviso \u00e8 fondamentale avere chiarezza sulle nuove regole per gli appalti. C&#8217;\u00e8 ancora poca conoscenza e consapevolezza circa l&#8217;obbligatoriet\u00e0 degli acquisti green nella pubblica amministrazione&#8221;.<\/span><\/p>\n<p style=\"text-align: justify;\"><span style=\"font-family: Times New Roman; font-size: medium;\"><img decoding=\"async\" src=\"\/wp-content\/uploads\/ippr-images\/notiziesocial\/punto3%20a%20ferrara.jpg\" border=\"0\" alt=\"Un momento del seminario 400oreGPP con il Comune di Ferrara\" width=\"600\" \/><\/span><\/p>\n","protected":false},"excerpt":{"rendered":"<p>&#8220;Il nuovo Codice Appalti\u00a0\u00e8 entrato in vigore in un momento sfortunato. Non si \u00e8 riusciti a dare la dovuta attenzione alle nuove regole, almeno dal punto di vista degli impiegati pubblici. Ecco perch\u00e9, anche se avevamo gi\u00e0 iniziato a fare acquisti verdi per il Comune di Ferrara, quando Punto3\u00a0 ci ha offerto la possibilit\u00e0 di seguire questo seminario, abbiamo aderito entusiasti&#8221;. Francesco Paparella, dirigente servizio Appalti e Contratti al Comune di Ferrara, \u00e8 una delle 48 persone che hanno partecipato al seminario &#8220;400 Ore GPP&#8221;, realizzato dalla societ\u00e0 guidata da Paolo Fabbri . Nell&#8217;appuntamento ferrarese \u00e8 intervenuta anche Cristina Poggesi di IPPR &#8211; Istituto per la Promozione delle Plastiche da riciclo, per associare alla teoria degli acquisti green la pratica di tutte quelle aziende che, grazie alla certificazione Plastica Seconda Vita , immettono sul mercato prodotti compatibili con il Green Public Procurement.<br \/>\n\u00a0<\/p>\n","protected":false},"author":1,"featured_media":0,"comment_status":"","ping_status":"closed","sticky":false,"template":"","format":"standard","meta":{"_acf_changed":false,"footnotes":""},"categories":[275],"tags":[],"class_list":["post-8482","post","type-post","status-publish","format-standard","hentry","category-gpp-acquisti-verdi"],"acf":[],"_links":{"self":[{"href":"https:\/\/www.ippr.it\/en\/wp-json\/wp\/v2\/posts\/8482","targetHints":{"allow":["GET"]}}],"collection":[{"href":"https:\/\/www.ippr.it\/en\/wp-json\/wp\/v2\/posts"}],"about":[{"href":"https:\/\/www.ippr.it\/en\/wp-json\/wp\/v2\/types\/post"}],"author":[{"embeddable":true,"href":"https:\/\/www.ippr.it\/en\/wp-json\/wp\/v2\/users\/1"}],"replies":[{"embeddable":true,"href":"https:\/\/www.ippr.it\/en\/wp-json\/wp\/v2\/comments?post=8482"}],"version-history":[{"count":0,"href":"https:\/\/www.ippr.it\/en\/wp-json\/wp\/v2\/posts\/8482\/revisions"}],"wp:attachment":[{"href":"https:\/\/www.ippr.it\/en\/wp-json\/wp\/v2\/media?parent=8482"}],"wp:term":[{"taxonomy":"category","embeddable":true,"href":"https:\/\/www.ippr.it\/en\/wp-json\/wp\/v2\/categories?post=8482"},{"taxonomy":"post_tag","embeddable":true,"href":"https:\/\/www.ippr.it\/en\/wp-json\/wp\/v2\/tags?post=8482"}],"curies":[{"name":"wp","href":"https:\/\/api.w.org\/{rel}","templated":true}]}}