{"id":8489,"date":"2008-04-21T00:00:00","date_gmt":"2008-04-20T22:00:00","guid":{"rendered":"https:\/\/www.ippr.it\/normativa\/gpp-acquisti-verdi\/circolari-gpp-il-nuovo-piano-dazione-nazionale\/"},"modified":"2008-04-21T00:00:00","modified_gmt":"2008-04-20T22:00:00","slug":"circolari-gpp-il-nuovo-piano-dazione-nazionale","status":"publish","type":"post","link":"https:\/\/www.ippr.it\/en\/normativa\/gpp-acquisti-verdi\/circolari-gpp-il-nuovo-piano-dazione-nazionale\/","title":{"rendered":"CIRCOLARI &#8211; GPP il nuovo Piano d&#8217;Azione Nazionale"},"content":{"rendered":"<p align=\"justify\">\nProt. 40.IP.emc\n<\/p>\n<p align=\"justify\">\nFacciamo  seguito a quanto comunicatovi precedentemente per inviarvi in allegato  il decreto n.135 dell&#8217;11 aprile scorso, in corso di pubblicazione sulla  Gazzetta Ufficiale, con il quale il Ministro dell&#8217;Ambiente, di concerto  con il Ministro dell&#8217;Economia e delle Finanze e dello Sviluppo  Economico, ha approvato il Piano d&#8217;Azione Nazionale per la  sostenibilit\u00e0 ambientale dei consumi nel settore della Pubblica  Amministrazione (Piano Nazionale d&#8217;Azione sul Green Public Procurement  &#8211; PAN GPP).\n<\/p>\n<p align=\"justify\">\nRicordiamo che  tale Piano \u00e8 finalizzato a favorire la diffusione e l&#8217;implementazione  di pratiche d&#8217;acquisto sostenibili presso le amministrazioni  aggiudicatrici di cui all&#8217;art.3, co.25 del D.Lgs. n.163\/06 (Codice dei  contratti pubblici relativi a lavori, servizi e forniture).\n<\/p>\n<p align=\"justify\">\nCon  successivi decreti del Ministero dell&#8217;Ambiente saranno definiti, per le  categorie merceologiche indicate dalla Legge n.296\/06 (Finanziaria  2007), gli specifici obiettivi di sostenibilit\u00e0 ambientale.\n<\/p>\n<p align=\"justify\">\nIl  provvedimento \u00e8 costituito da 4 articoli, con in allegato il Piano  d&#8217;azione per la sostenibilit\u00e0 ambientale dei consumi nel settore della  Pubblica Amministrazione, a sua volta suddiviso in 8 capitoli.\n<\/p>\n<p align=\"justify\">\nAl  capitolo 3.3, in particolare, vengono elencati i principali strumenti  conoscitivi per l&#8217;individuazione dei criteri ambientali.\n<\/p>\n<p align=\"justify\">\nPer  criteri ambientali minimi si intendono le indicazioni tecniche per  ciascuna tipologia di acquisto che ricade nell&#8217;ambito delle categorie  merceologicamente individuate.\n<\/p>\n<p align=\"justify\">\nGli strumenti disponibili per individuare i sopraccitati criteri possono anche essere le cosiddette \u201c <strong>Autodichiarazioni Ambientali\u201d (ISO Tipo II) <\/strong>,  tra le quali rientrano i marchi e le certificazioni di sistema in  quanto rappresentano standard di riferimento limitati ad una tipologia  di impatto ambientale o per determinati materiali. In questi strumenti  rientra il marchio <strong>\u201c,Plastica Seconda Vita\u201d <\/strong>che  rappresenta, a detta del Ministero Ambiente, uno strumento conoscitivo  molto utile per la definizione di requisiti ambientali e per la  verifica degli stessi.\n<\/p>\n<p align=\"justify\">\nCirca  le categorie rientranti nei settori prioritari di intervento per il  GPP, il PAN segnala (con riferimento ai comparti in cui opera IPPR) gli  ARREDI, EDILIZIA, GESTIONE RIFIUTI, SERVIZI URBANI E AL TERRITORIO,  RISTORAZIONE.\n<\/p>\n<p align=\"justify\">\nL&#8217;obiettivo  individuato \u00e8 pari ad almeno il 30% delle Regioni, delle Province,  delle Citt\u00e0 metropolitane e dei Comuni con pi\u00f9 di 15mila abitanti,  coinvolti nell&#8217;adozione delle procedure d&#8217;acquisto GPP.\n<\/p>\n<p align=\"justify\">\nCoinvolti anche gli Enti gestori dei Parchi nazionali e delle Aree marine Protette, in linea con quanto <strong>IPPR ha sin qui fatto di intesa con Federparchi <\/strong>.\n<\/p>\n<p align=\"justify\">\nDetti obiettivi avranno scadenza 2009, con revisione triennale.\n<\/p>\n<p align=\"justify\">\nUn ruolo centrale nel PAN spetta a CONSIP SpA, chiamata a recepire i criteri ambientali minimi all&#8217;interno delle proprie gare.\n<\/p>\n<p align=\"justify\">\nLo scopo sar\u00e0 quello di attribuire punti tecnici premianti in favore di determinate performance ambientali.\n<\/p>\n<p align=\"justify\">\n  Gli allegati e il testo completo della circolare sono a disposizione dei Soci IPPR, <a href=\"mailto:info@ippr.it\">info@ippr.it<\/a> .\n<\/p>\n<div class=\"importedNeswAttachment\"><a href=\"images\/stories\/wfdocuments\/PAN_GPP_definitivo_21_12_2007.pdf\" title=\"PAN_GPP_definitivo_21_12_2007.pdf\">PAN_GPP_definitivo_21_12_2007.pdf<\/a><\/div>\n","protected":false},"excerpt":{"rendered":"<p>Prot. 40.IP.emc <\/p>\n<p>Facciamo  seguito a quanto comunicatovi precedentemente per inviarvi in allegato  il decreto n.135 dell&#8217;11 aprile scorso, in corso di pubblicazione sulla  Gazzetta Ufficiale, con il quale il Ministro dell&#8217;Ambiente, di concerto  &#8230;<\/p>\n","protected":false},"author":1,"featured_media":0,"comment_status":"","ping_status":"closed","sticky":false,"template":"","format":"standard","meta":{"_acf_changed":false,"footnotes":""},"categories":[275],"tags":[],"class_list":["post-8489","post","type-post","status-publish","format-standard","hentry","category-gpp-acquisti-verdi"],"acf":[],"_links":{"self":[{"href":"https:\/\/www.ippr.it\/en\/wp-json\/wp\/v2\/posts\/8489","targetHints":{"allow":["GET"]}}],"collection":[{"href":"https:\/\/www.ippr.it\/en\/wp-json\/wp\/v2\/posts"}],"about":[{"href":"https:\/\/www.ippr.it\/en\/wp-json\/wp\/v2\/types\/post"}],"author":[{"embeddable":true,"href":"https:\/\/www.ippr.it\/en\/wp-json\/wp\/v2\/users\/1"}],"replies":[{"embeddable":true,"href":"https:\/\/www.ippr.it\/en\/wp-json\/wp\/v2\/comments?post=8489"}],"version-history":[{"count":0,"href":"https:\/\/www.ippr.it\/en\/wp-json\/wp\/v2\/posts\/8489\/revisions"}],"wp:attachment":[{"href":"https:\/\/www.ippr.it\/en\/wp-json\/wp\/v2\/media?parent=8489"}],"wp:term":[{"taxonomy":"category","embeddable":true,"href":"https:\/\/www.ippr.it\/en\/wp-json\/wp\/v2\/categories?post=8489"},{"taxonomy":"post_tag","embeddable":true,"href":"https:\/\/www.ippr.it\/en\/wp-json\/wp\/v2\/tags?post=8489"}],"curies":[{"name":"wp","href":"https:\/\/api.w.org\/{rel}","templated":true}]}}