{"id":8508,"date":"2013-05-09T13:48:35","date_gmt":"2013-05-09T11:48:35","guid":{"rendered":"https:\/\/www.ippr.it\/normativa\/gpp-acquisti-verdi\/acquisti-della-pa-almeno-il-50-entro-il-2014-sara-green\/"},"modified":"2013-05-09T13:48:35","modified_gmt":"2013-05-09T11:48:35","slug":"acquisti-della-pa-almeno-il-50-entro-il-2014-sara-green","status":"publish","type":"post","link":"https:\/\/www.ippr.it\/en\/normativa\/gpp-acquisti-verdi\/acquisti-della-pa-almeno-il-50-entro-il-2014-sara-green\/","title":{"rendered":"Acquisti della PA, almeno il 50% entro il 2014 sar\u00e0 &#8220;green&#8221;"},"content":{"rendered":"<p>\u00c8 stato pubblicato nella Gazzetta Ufficiale del 3 maggio 2013 il Dm Ambiente 10 aprile 2013 che dispone un \u201cpiano d\u2019azione per la sostenibilit\u00e0 ambientale dei consumi nel settore della pubblica amministrazione\u201d (Pan GPP) \u2013 Revisione 2013.\u00a0<\/p>\n<p>L&#8217;aggiornamento del Piano d&#8217;azione nazionale per il Green Public Procurement (GPP), approvato con Dm Ambiente 10 aprile 2013, dispone che entro il 2014 almeno il 50% degli appalti della Pubblica Amministrazione dovr\u00e0 essere &#8220;green&#8221;.<\/p>\n<p>Con il nuovo piano d&#8217;azione per gli acquisti &#8220;verdi&#8221; delle PA, nell&#8217;aggiornare il precedente piano approvato con Dm 11 agosto 2008, si tiene conto non solo dei vari provvedimenti normativi degli ultimi anni che impongono pratiche di appalti verdi\u00a0 e rafforzano le indicazioni del Pan GPP (tra cui il Dpr 207\/2010 regolamento di attuazione del Dlgs 163\/2006 sugli appalti pubblici), ma anche delle direttive dell&#8217;Unione europea che considerano strategico il settore degli appalti pubblici, e degli appalti &#8220;verdi&#8221; in particolare, sottolineandone la finalit\u00e0 non solo di tutela ambientale ma anche di tutela sociale e di stimolo all&#8217;innovazione. Non \u00e8 un caso che una importante novit\u00e0 degli appalti pubblici sia la sostituzione del criterio di aggiudicazione al \u201cprezzo pi\u00f9 basso\u201d con il criterio del \u201ccosto pi\u00f9 basso\u201d, ivi inclusi, dunque, i costi relativi alle esternalit\u00e0 ambientali, connessi con il ciclo di vita dell\u2019oggetto dell\u2019appalto (\u201cLyfe Cicle Costing\u201d).<\/p>\n<p>Allegato il testo integrale del Piano d\u2019azione per la sostenibilit\u00e0 ambientale dei consumi nel settore della pubblica amministrazione<\/p>\n<p>\u00a0<\/p>\n<p>\u00a0<\/p>\n<p>\u00a0<\/p>\n<p>\u00a0<\/p>\n<p>\u00a0<\/p>\n<p>\u00a0<\/p>\n<p>\u00a0<\/p>\n","protected":false},"excerpt":{"rendered":"<p>\u00c8 stato pubblicato nella Gazzetta Ufficiale del 3 maggio 2013 il Dm Ambiente 10 aprile 2013 che dispone un \u201cpiano d\u2019azione per la sostenibilit\u00e0 ambientale dei consumi nel settore della pubblica amministrazione\u201d (Pan GPP) \u2013 Revisione 2013.\u00a0 L&#8217;aggiornamento del Piano d&#8217;azione nazionale per il Green Public Procurement (GPP), approvato con Dm Ambiente 10 aprile 2013, [&hellip;]<\/p>\n","protected":false},"author":1,"featured_media":0,"comment_status":"","ping_status":"closed","sticky":false,"template":"","format":"standard","meta":{"_acf_changed":false,"footnotes":""},"categories":[275],"tags":[],"class_list":["post-8508","post","type-post","status-publish","format-standard","hentry","category-gpp-acquisti-verdi"],"acf":[],"_links":{"self":[{"href":"https:\/\/www.ippr.it\/en\/wp-json\/wp\/v2\/posts\/8508","targetHints":{"allow":["GET"]}}],"collection":[{"href":"https:\/\/www.ippr.it\/en\/wp-json\/wp\/v2\/posts"}],"about":[{"href":"https:\/\/www.ippr.it\/en\/wp-json\/wp\/v2\/types\/post"}],"author":[{"embeddable":true,"href":"https:\/\/www.ippr.it\/en\/wp-json\/wp\/v2\/users\/1"}],"replies":[{"embeddable":true,"href":"https:\/\/www.ippr.it\/en\/wp-json\/wp\/v2\/comments?post=8508"}],"version-history":[{"count":0,"href":"https:\/\/www.ippr.it\/en\/wp-json\/wp\/v2\/posts\/8508\/revisions"}],"wp:attachment":[{"href":"https:\/\/www.ippr.it\/en\/wp-json\/wp\/v2\/media?parent=8508"}],"wp:term":[{"taxonomy":"category","embeddable":true,"href":"https:\/\/www.ippr.it\/en\/wp-json\/wp\/v2\/categories?post=8508"},{"taxonomy":"post_tag","embeddable":true,"href":"https:\/\/www.ippr.it\/en\/wp-json\/wp\/v2\/tags?post=8508"}],"curies":[{"name":"wp","href":"https:\/\/api.w.org\/{rel}","templated":true}]}}